{"id":3722,"date":"2026-01-21T11:45:12","date_gmt":"2026-01-21T16:45:12","guid":{"rendered":"https:\/\/www.floridacitrus.quebec\/grapefruit\/?post_type=fdoc-news-item&#038;p=3722"},"modified":"2026-01-21T12:02:19","modified_gmt":"2026-01-21T17:02:19","slug":"la-saison-des-supremes","status":"publish","type":"fdoc-news-item","link":"https:\/\/www.floridacitrus.quebec\/grapefruit\/news\/la-saison-des-supremes\/","title":{"rendered":"La saison des supr\u00eames"},"content":{"rendered":"<h2><strong>Profiter de la saison\u2026 pendant la saison!<\/strong><\/h2>\n<p>L\u2019hiver au Qu\u00e9bec est compos\u00e9 de moments qui valent la peine d\u2019\u00eatre soulign\u00e9s. Qu\u2019il s\u2019agisse de soir\u00e9es autour de la table devant de bons plats mitonn\u00e9s avec amour, d\u2019une simple rencontre entre ami(e)s ou de v\u00e9ritables festivit\u00e9s, c\u2019est une saison o\u00f9 il fait bon se retrouver pour ajouter un peu de chaleur dans la froidure. Le pamplemousse de la Floride, avec ses couleurs vives, son go\u00fbt \u00e0 la fois sucr\u00e9 et acidul\u00e9, ravive tel un incomparable rayon de soleil de la Floride.<\/p>\n<p><img fetchpriority=\"high\" decoding=\"async\" class=\"size-medium wp-image-3881\" src=\"https:\/\/www.floridacitrus.ca\/grapefruit\/wp-content\/uploads\/sites\/16\/2025\/12\/Image_Grapefruit_6795-300x200.jpg\" alt=\"Cut Grapefruit\" width=\"300\" height=\"200\" \/><\/p>\n<p>La haute saison du pamplemousse de la Floride s\u2019\u00e9tend du mois de d\u00e9cembre \u00e0 la fin f\u00e9vrier. C\u2019est le moment tout indiqu\u00e9 pour savourer le fruit frais tandis qu\u2019il est au mieux de son go\u00fbt et de sa fra\u00eecheur. C\u2019est pourquoi nous appelons ce moment \u00ab la saison des supr\u00eames \u00bb puisqu\u2019il s\u2019agit d\u2019un court laps de temps durant lequel on peut profiter ensemble du fruit vedette de la saison.<\/p>\n<p>Frais, juteux et nutritif, le pamplemousse est aussi sp\u00e9cial que les moments que nous passons \u00e0 festoyer chaleureusement. Le pamplemousse de la Floride n\u2019est pas seulement en saison, <strong>il repr\u00e9sente LA saison.<\/strong><\/p>\n<p>&nbsp;<\/p>\n<p>&nbsp;<\/p>\n<h3><strong>Pourquoi le pamplemousse de la Floride est-il le plus sucr\u00e9 et le plus juteux durant l\u2019hiver?<\/strong><\/h3>\n<p>Le pamplemousse de la Floride pousse dans des vergers ensoleill\u00e9s et sous des temp\u00e9ratures chaudes, puis il est cueilli au summum de sa maturit\u00e9 pendant les mois d\u2019hiver. Le r\u00e9sultat?<br \/>\n<img decoding=\"async\" class=\" wp-image-3882 alignright\" src=\"https:\/\/www.floridacitrus.ca\/grapefruit\/wp-content\/uploads\/sites\/16\/2025\/12\/RG3_4127-300x200.jpg\" alt=\"Grapefruit Juice and Fruit\" width=\"456\" height=\"304\" \/>Un pamplemousse qui est naturellement sucr\u00e9, rafra\u00eechissant et juteux.<\/p>\n<p><strong>Pendant la saison des supr\u00eames, le pamplemousse de la Floride :<\/strong><br \/>\n\u2022 atteint l\u2019apog\u00e9e de son go\u00fbt sucr\u00e9 et de son aspect bien juteux<br \/>\n\u2022 ensoleille d\u2019une belle teinte rose \u00e9clatant n\u2019importe quel plat ou boisson pendant l\u2019hiver gris (et blanc!)<br \/>\n\u2022 vivifie par son go\u00fbt rafra\u00eechissant dont les Qu\u00e9b\u00e9coises et Qu\u00e9b\u00e9cois raffolent en hiver<br \/>\n\u2022 se pr\u00eate \u00e0 une vari\u00e9t\u00e9 de cocktails et de plats, y compris les d\u00e9jeuners, les marinades, les plats principaux et les desserts.<\/p>\n<p>C\u2019est le moment de l\u2019ann\u00e9e durant lequel le pamplemousse de la Floride brille de tous ses feux et que le Qu\u00e9bec en profite supr\u00eamement.<\/p>\n<p>&nbsp;<\/p>\n<p>&nbsp;<\/p>\n<p>&nbsp;<\/p>\n<h3>C\u00e9l\u00e9brez avec un fruit bien juteux, haut en couleur et en saveur tout au long de la saison<\/h3>\n<p>D\u00e8s les premiers rassemblements de d\u00e9cembre et jusqu\u2019aux c\u00e9l\u00e9brations de la Saint-Valentin, le pamplemousse de la Floride s\u2019invite dans chaque moment de la saison :<br \/>\n\u2022 un brunch festif en famille<br \/>\n\u2022 une salade d\u2019agrumes en centre de table<br \/>\n\u2022 un cocktail avec ou sans alcool pour les petits comme les grands convives<br \/>\n\u2022 un dessert aigre-doux \u00e0 partager avec des ami(e)s<br \/>\n\u2022 une fa\u00e7on toute simple et nourrissante de commencer un matin d\u2019hiver<\/p>\n<p>Peu importe comment vous profitez de la saison des supr\u00eames, le pamplemousse de la Floride ajoute de la couleur, de la saveur et un peu de soleil de la Floride dans chaque occasion.<\/p>\n<p>&nbsp;<\/p>\n<h3><strong>Quelques-uns de nos cocktails au pamplemousse favoris<\/strong><\/h3>\n<p><img decoding=\"async\" class=\" wp-image-3889 alignleft\" style=\"font-family: -apple-system, BlinkMacSystemFont, 'Segoe UI', Roboto, 'Helvetica Neue', Arial, 'Noto Sans', sans-serif, 'Apple Color Emoji', 'Segoe UI Emoji', 'Segoe UI Symbol', 'Noto Color Emoji'\" src=\"https:\/\/www.floridacitrus.ca\/grapefruit\/wp-content\/uploads\/sites\/16\/2025\/12\/Cream-Modern-Photo-Collage-Instagram-Story-169x300.jpg\" alt=\"Cocktails\" width=\"343\" height=\"609\" \/><\/p>\n<p>&nbsp;<\/p>\n<p>&nbsp;<\/p>\n<p><a href=\"https:\/\/www.floridacitrus.quebec\/grapefruit\/recipes\/margarita-au-pamplemousse-et-au-jalapeno-demma-reynolds-ezell\/\">Margarita au pamplemousse et au jalapeno<\/a><\/p>\n<p><a href=\"https:\/\/www.floridacitrus.quebec\/grapefruit\/recipes\/florida-grapefruit-salty-dog\/\">Salty dog au pamplemousse de la Floride<\/a><\/p>\n<p><a href=\"https:\/\/www.floridacitrus.quebec\/grapefruit\/recipes\/gin-fizz-au-pamplemousse-de-la-floride\/\">Gin fizz au pamplemousse de la Floride<\/a><\/p>\n<p>&nbsp;<\/p>\n<p>&nbsp;<\/p>\n<p>&nbsp;<\/p>\n<p>&nbsp;<\/p>\n<p>&nbsp;<\/p>\n<p>&nbsp;<\/p>\n<p>&nbsp;<\/p>\n<p>&nbsp;<\/p>\n<p>&nbsp;<\/p>\n<p>&nbsp;<\/p>\n<p>&nbsp;<\/p>\n<p>&nbsp;<\/p>\n<h3>Le fruit du temps des F\u00eates<\/h3>\n<p>Pourquoi est-ce que le pamplemousse est reconnu comme \u00e9tant <strong>le fruit du temps des F\u00eates<\/strong>?<\/p>\n<p>Parce que\u00a0:<\/p>\n<ul>\n<li>il est en haute saison tandis que les Qu\u00e9b\u00e9cois sont en manque de luminosit\u00e9 et de produits frais<\/li>\n<li>il se marie aussi bien avec les grands festins qu\u2019il se mange seul ou s\u2019incorpore dans une recette au quotidien<\/li>\n<li>il est plut\u00f4t sp\u00e9cial puisque tr\u00e8s saisonnier et m\u00e9rite donc d\u2019\u00eatre c\u00e9l\u00e9br\u00e9<\/li>\n<li>il favorise les rapprochements autour de la table \u00e0 manger.<\/li>\n<\/ul>\n<h3><\/h3>\n<h3>Quelques-unes de nos recettes pr\u00e9f\u00e9r\u00e9es \u00e0 base de pamplemousse de la Floride<\/h3>\n<p><a href=\"https:\/\/www.floridacitrus.ca\/grapefruit\/recipes\/gingerbread-with-florida-grapefruit\/\" target=\"_blank\" rel=\"noopener\"><img loading=\"lazy\" decoding=\"async\" class=\" wp-image-3890 alignleft\" src=\"https:\/\/www.floridacitrus.ca\/grapefruit\/wp-content\/uploads\/sites\/16\/2025\/12\/Foods-169x300.jpg\" alt=\"Foods\" width=\"355\" height=\"630\" \/><\/a><\/p>\n<p>&nbsp;<\/p>\n<p><a href=\"https:\/\/www.floridacitrus.quebec\/grapefruit\/recipes\/feta-cuit-au-four-avec-gremolata-au-pamplemousse-de-la-floride\/\">Feta cuit au four avec gremolata au pamplemousse de la Floride<\/a><\/p>\n<p><a href=\"https:\/\/www.floridacitrus.quebec\/grapefruit\/recipes\/pain-depice-au-pamplemousse-de-la-floride\/\">Pain d\u2019\u00e9pice au pamplemousse de la Floride<\/a><\/p>\n<p><a href=\"https:\/\/www.floridacitrus.quebec\/grapefruit\/recipes\/gateau-au-fromage-sans-cuisson-au-pamplemousse-de-la-floride\/\">G\u00e2teau au fromage sans cuisson au pamplemousse de la Floride<\/a><\/p>\n<p>&nbsp;<\/p>\n<p>&nbsp;<\/p>\n<p>&nbsp;<\/p>\n<p>&nbsp;<\/p>\n<p>&nbsp;<\/p>\n<p>&nbsp;<\/p>\n<p>&nbsp;<\/p>\n<p>&nbsp;<\/p>\n<p>&nbsp;<\/p>\n<p>&nbsp;<\/p>\n<p>&nbsp;<\/p>\n<p>&nbsp;<\/p>\n<p>&nbsp;<\/p>\n<p>C\u00e9l\u00e9brez la saison des supr\u00eames!<\/p>\n<p>Les pamplemousses frais et juteux de la Floride vous attendent en \u00e9picerie.<\/p>\n<p>&nbsp;<\/p>\n","protected":false},"excerpt":{"rendered":"<p>Profiter de la saison\u2026 pendant la saison! L\u2019hiver au Qu\u00e9bec est compos\u00e9 de moments qui valent la peine d\u2019\u00eatre soulign\u00e9s. Qu\u2019il s\u2019agisse de soir\u00e9es autour de la table devant de bons plats mitonn\u00e9s avec amour, d\u2019une simple rencontre entre ami(e)s ou de v\u00e9ritables festivit\u00e9s, c\u2019est une saison o\u00f9 il fait bon se retrouver pour ajouter&#8230;<\/p>\n","protected":false},"author":61,"featured_media":0,"template":"","meta":{"_acf_changed":false,"om_disable_all_campaigns":false,"footnotes":""},"fdoc-citrus-type":[18],"fdoc-health-category":[],"fdoc-news-item-category":[],"class_list":["post-3722","fdoc-news-item","type-fdoc-news-item","status-publish","hentry","fdoc-citrus-type-grapefruit"],"acf":[],"_links":{"self":[{"href":"https:\/\/www.floridacitrus.quebec\/grapefruit\/wp-json\/wp\/v2\/fdoc-news-item\/3722","targetHints":{"allow":["GET"]}}],"collection":[{"href":"https:\/\/www.floridacitrus.quebec\/grapefruit\/wp-json\/wp\/v2\/fdoc-news-item"}],"about":[{"href":"https:\/\/www.floridacitrus.quebec\/grapefruit\/wp-json\/wp\/v2\/types\/fdoc-news-item"}],"author":[{"embeddable":true,"href":"https:\/\/www.floridacitrus.quebec\/grapefruit\/wp-json\/wp\/v2\/users\/61"}],"version-history":[{"count":3,"href":"https:\/\/www.floridacitrus.quebec\/grapefruit\/wp-json\/wp\/v2\/fdoc-news-item\/3722\/revisions"}],"predecessor-version":[{"id":3727,"href":"https:\/\/www.floridacitrus.quebec\/grapefruit\/wp-json\/wp\/v2\/fdoc-news-item\/3722\/revisions\/3727"}],"wp:attachment":[{"href":"https:\/\/www.floridacitrus.quebec\/grapefruit\/wp-json\/wp\/v2\/media?parent=3722"}],"wp:term":[{"taxonomy":"fdoc-citrus-type","embeddable":true,"href":"https:\/\/www.floridacitrus.quebec\/grapefruit\/wp-json\/wp\/v2\/fdoc-citrus-type?post=3722"},{"taxonomy":"fdoc-health-category","embeddable":true,"href":"https:\/\/www.floridacitrus.quebec\/grapefruit\/wp-json\/wp\/v2\/fdoc-health-category?post=3722"},{"taxonomy":"fdoc-news-item-category","embeddable":true,"href":"https:\/\/www.floridacitrus.quebec\/grapefruit\/wp-json\/wp\/v2\/fdoc-news-item-category?post=3722"}],"curies":[{"name":"wp","href":"https:\/\/api.w.org\/{rel}","templated":true}]}}