{"id":5267,"date":"2024-01-31T18:45:46","date_gmt":"2024-01-31T18:45:46","guid":{"rendered":"https:\/\/www.floridacitrus.quebec\/oj\/?post_type=fdoc-news-item&#038;p=5267"},"modified":"2024-01-31T18:45:46","modified_gmt":"2024-01-31T18:45:46","slug":"les-meilleures-recettes-pour-le-brunch","status":"publish","type":"fdoc-news-item","link":"https:\/\/www.floridacitrus.quebec\/oj\/news\/les-meilleures-recettes-pour-le-brunch\/","title":{"rendered":"Les meilleures recettes pour le brunch"},"content":{"rendered":"\n<div class=\"wp-block-buttons is-content-justification-right is-layout-flex wp-container-core-buttons-is-layout-d445cf74 wp-block-buttons-is-layout-flex\">\n<div class=\"wp-block-button\"><a class=\"wp-block-button__link wp-element-button\" href=\"https:\/\/www.floridacitrus.ca\/oj\/news\/best-brunch-recipes\/\" target=\"_blank\" rel=\"noreferrer noopener\">Anglais<\/a><\/div>\n<\/div>\n\n\n\n<h2 class=\"wp-block-heading\">Profitez du brunch du week-end avec le breuvage original pour le mieux-\u00eatre<\/h2>\n\n\n\n<p>Le brunch pourrait bien \u00eatre le repas pr\u00e9f\u00e9r\u00e9 des Canadiens. Il unit les menus du d\u00e9jeuner et du d\u00eener, et on le passe habituellement assis confortablement autour d\u2019une table, entour\u00e9 d\u2019amis et de proches pour rattraper le temps perdu. Que vous soyez \u00e0 l&rsquo;ext\u00e9rieur, assis sur une terrasse, ou que vous pr\u00e9pariez un d\u00e9licieux repas \u00e0 la maison, un verre de jus d&rsquo;orange de la Floride est le compagnon parfait de ce repas bien-aim\u00e9.<\/p>\n\n\n\n<p>En tant que <strong>breuvage original pour favoriser le mieux-\u00eatre,<\/strong> le jus d&rsquo;orange de la Floride regorge de nutriments essentiels comme <a href=\"https:\/\/www.floridacitrus.quebec\/oj\/health-nutrition\/informations-nutritionnelles-du-jus-dorange-de-la-floride\/la-vitamine-c\/\" target=\"_blank\" rel=\"noreferrer noopener\" title=\"La vitamine C et le jus d\u2019orange de la Floride\">la vitamine C<\/a>, <a href=\"https:\/\/www.floridacitrus.quebec\/oj\/health-nutrition\/informations-nutritionnelles-du-jus-dorange-de-la-floride\/le-potassium\/\" target=\"_blank\" rel=\"noreferrer noopener\" title=\"Le potassium dans le jus d\u2019orange de la Floride\">le potassium<\/a>, l<a href=\"https:\/\/www.floridacitrus.quebec\/oj\/health-nutrition\/informations-nutritionnelles-du-jus-dorange-de-la-floride\/folique\/\" target=\"_blank\" rel=\"noreferrer noopener\" title=\"L\u2019acide folique et le jus d\u2019orange de la Floride\">&lsquo;acide folique<\/a> et, dans les jus enrichis, <a href=\"https:\/\/www.floridacitrus.quebec\/oj\/health-nutrition\/informations-nutritionnelles-du-jus-dorange-de-la-floride\/calcium-et-la-vitamine-d\/\" target=\"_blank\" rel=\"noreferrer noopener\" title=\"Le calcium et la vitamine D dans le jus d\u2019orange de la Floride\">le calcium et la vitamine D<\/a>. Les recherches d\u00e9montrent que le jus d&rsquo;orange \u00e0 100&nbsp;% offre de nombreux avantages pour soutenir la sant\u00e9 globale.<\/p>\n\n\n\n<p>Red\u00e9couvrez ces savoureux classiques en y int\u00e9grant le go\u00fbt incroyable et les avantages nutritionnels du jus d&rsquo;orange de la Floride.<\/p>\n\n\n\n<div class=\"wp-block-columns is-layout-flex wp-container-core-columns-is-layout-28f84493 wp-block-columns-is-layout-flex\">\n<div class=\"wp-block-column is-layout-flow wp-block-column-is-layout-flow\">\n<figure class=\"wp-block-image size-large\"><img fetchpriority=\"high\" decoding=\"async\" width=\"1024\" height=\"1024\" src=\"https:\/\/www.floridacitrus.quebec\/oj\/wp-content\/uploads\/sites\/22\/2018\/06\/Le-saviez-vous--1024x1024.png\" alt=\"\" class=\"wp-image-4483\" title=\"\" srcset=\"https:\/\/www.floridacitrus.quebec\/oj\/wp-content\/uploads\/sites\/22\/2018\/06\/Le-saviez-vous--1024x1024.png 1024w, https:\/\/www.floridacitrus.quebec\/oj\/wp-content\/uploads\/sites\/22\/2018\/06\/Le-saviez-vous--640x640.png 640w, https:\/\/www.floridacitrus.quebec\/oj\/wp-content\/uploads\/sites\/22\/2018\/06\/Le-saviez-vous--150x150.png 150w, https:\/\/www.floridacitrus.quebec\/oj\/wp-content\/uploads\/sites\/22\/2018\/06\/Le-saviez-vous--768x768.png 768w, https:\/\/www.floridacitrus.quebec\/oj\/wp-content\/uploads\/sites\/22\/2018\/06\/Le-saviez-vous--400x400.png 400w, https:\/\/www.floridacitrus.quebec\/oj\/wp-content\/uploads\/sites\/22\/2018\/06\/Le-saviez-vous-.png 1080w\" sizes=\"(max-width: 1024px) 100vw, 1024px\" \/><\/figure>\n<\/div>\n\n\n\n<div class=\"wp-block-column is-layout-flow wp-block-column-is-layout-flow\">\n<h2 class=\"wp-block-heading\">La plupart des cartons de jus d&rsquo;orange \u00e0 100&nbsp;% vendus dans la section r\u00e9frig\u00e9r\u00e9e des \u00e9piceries canadiennes contiennent du jus d&rsquo;orange de la Floride\u2009!<\/h2>\n\n\n\n<h2 class=\"wp-block-heading\"><\/h2>\n<\/div>\n<\/div>\n\n\n\n<h2 class=\"wp-block-heading\">Favoris pour le brunch<\/h2>\n\n\n\n<h2 class=\"wp-block-heading\"><a href=\"https:\/\/www.floridacitrus.quebec\/oj\/recipes\/rouleaux-a-lorange-de-la-floride\/\" target=\"_blank\" rel=\"noreferrer noopener\" title=\"Rouleaux \u00e0 l\u2019orange de la Floride\">Rouleaux \u00e0 l&rsquo;orange de la Floride<\/a><\/h2>\n\n\n\n<div class=\"wp-block-columns is-layout-flex wp-container-core-columns-is-layout-28f84493 wp-block-columns-is-layout-flex\">\n<div class=\"wp-block-column is-layout-flow wp-block-column-is-layout-flow\">\n<figure class=\"wp-block-image size-large\"><a href=\"https:\/\/www.floridacitrus.quebec\/oj\/recipes\/rouleaux-a-lorange-de-la-floride\/\"><img decoding=\"async\" width=\"1024\" height=\"769\" src=\"https:\/\/www.floridacitrus.quebec\/oj\/wp-content\/uploads\/sites\/22\/2022\/10\/Image_Florida-Orange-Rolls_Feature_No-words-edited-1024x769-1.jpg\" alt=\"\" class=\"wp-image-5268\" title=\"\" srcset=\"https:\/\/www.floridacitrus.quebec\/oj\/wp-content\/uploads\/sites\/22\/2022\/10\/Image_Florida-Orange-Rolls_Feature_No-words-edited-1024x769-1.jpg 1024w, https:\/\/www.floridacitrus.quebec\/oj\/wp-content\/uploads\/sites\/22\/2022\/10\/Image_Florida-Orange-Rolls_Feature_No-words-edited-1024x769-1-640x481.jpg 640w, https:\/\/www.floridacitrus.quebec\/oj\/wp-content\/uploads\/sites\/22\/2022\/10\/Image_Florida-Orange-Rolls_Feature_No-words-edited-1024x769-1-768x577.jpg 768w, https:\/\/www.floridacitrus.quebec\/oj\/wp-content\/uploads\/sites\/22\/2022\/10\/Image_Florida-Orange-Rolls_Feature_No-words-edited-1024x769-1-400x300.jpg 400w\" sizes=\"(max-width: 1024px) 100vw, 1024px\" \/><\/a><figcaption class=\"wp-element-caption\"><a href=\"https:\/\/www.floridacitrus.quebec\/oj\/recipes\/rouleaux-a-lorange-de-la-floride\/\" target=\"_blank\" rel=\"noreferrer noopener\" title=\"Rouleaux \u00e0 l\u2019orange de la Floride\">Roule<strong>aux \u00e0 l&rsquo;orange de la Florid<\/strong>e<\/a><\/figcaption><\/figure>\n<\/div>\n\n\n\n<div class=\"wp-block-column is-layout-flow wp-block-column-is-layout-flow\">\n<p>Faciles \u00e0 pr\u00e9parer \u00e0 l\u2019avance en pr\u00e9vision du d\u00e9jeuner ou du brunch, nos <a href=\"https:\/\/www.floridacitrus.quebec\/oj\/recipes\/rouleaux-a-lorange-de-la-floride\/\" target=\"_blank\" rel=\"noreferrer noopener\" title=\"Rouleaux \u00e0 l\u2019orange de la Floride\">rouleaux \u00e0 l&rsquo;orange de la Floride <\/a>r\u00e9galeront toute la famille. En les pr\u00e9parant la veille, vos matin\u00e9es seront moins agit\u00e9es et vous pourrez passer davantage de temps de qualit\u00e9 avec vos proches. Accompagnez-les d&rsquo;un verre de jus d&rsquo;orange de la Floride pour un repas matinal des plus satisfaisants.<\/p>\n<\/div>\n<\/div>\n\n\n\n<h2 class=\"wp-block-heading\"><a href=\"https:\/\/www.floridacitrus.quebec\/oj\/recipes\/gaufres-aux-agrumes-et-a-lorange\/\" target=\"_blank\" rel=\"noreferrer noopener\" title=\"Gaufres aux agrumes et \u00e0 l\u2019orange\">Gaufres aux agrumes et \u00e0 l&rsquo;orange<\/a><\/h2>\n\n\n\n<div class=\"wp-block-columns is-layout-flex wp-container-core-columns-is-layout-28f84493 wp-block-columns-is-layout-flex\">\n<div class=\"wp-block-column is-layout-flow wp-block-column-is-layout-flow\">\n<figure class=\"wp-block-image size-large\"><img decoding=\"async\" width=\"763\" height=\"571\" src=\"https:\/\/www.floridacitrus.quebec\/oj\/wp-content\/uploads\/sites\/22\/2022\/10\/Waffle-edited.png\" alt=\"\" class=\"wp-image-5278\" title=\"\" srcset=\"https:\/\/www.floridacitrus.quebec\/oj\/wp-content\/uploads\/sites\/22\/2022\/10\/Waffle-edited.png 763w, https:\/\/www.floridacitrus.quebec\/oj\/wp-content\/uploads\/sites\/22\/2022\/10\/Waffle-edited-640x479.png 640w, https:\/\/www.floridacitrus.quebec\/oj\/wp-content\/uploads\/sites\/22\/2022\/10\/Waffle-edited-400x299.png 400w\" sizes=\"(max-width: 763px) 100vw, 763px\" \/><\/figure>\n<\/div>\n\n\n\n<div class=\"wp-block-column is-layout-flow wp-block-column-is-layout-flow\">\n<p>Ces gaufres comprennent des noix de macadamia grill\u00e9es, de la noix de coco et du jus d&rsquo;orange de la Floride, une d\u00e9licieuse combinaison de sal\u00e9 et de sucr\u00e9. Vous pouvez \u00e9galement les pr\u00e9parer \u00e0 l&rsquo;avance pour acc\u00e9l\u00e9rer vos pr\u00e9paratifs pour le brunch.<\/p>\n<\/div>\n<\/div>\n\n\n\n<h2 class=\"wp-block-heading\"><a href=\"https:\/\/www.floridacitrus.quebec\/oj\/recipes\/crepes-aux-bleuets-et-au-jus-dorange-de-la-floride\/\" target=\"_blank\" rel=\"noreferrer noopener\" title=\"Cr\u00eapes aux bleuets et au jus d\u2019orange de la Floride\">Cr\u00eapes aux bleuets et au jus d\u2019orange de la Floride<\/a><\/h2>\n\n\n\n<div class=\"wp-block-columns is-layout-flex wp-container-core-columns-is-layout-28f84493 wp-block-columns-is-layout-flex\">\n<div class=\"wp-block-column is-layout-flow wp-block-column-is-layout-flow\">\n<figure class=\"wp-block-image size-large\"><a href=\"https:\/\/www.floridacitrus.quebec\/oj\/recipes\/crepes-aux-bleuets-et-au-jus-dorange-de-la-floride\/\"><img loading=\"lazy\" decoding=\"async\" width=\"1727\" height=\"1080\" src=\"https:\/\/www.floridacitrus.quebec\/oj\/wp-content\/uploads\/sites\/22\/2022\/10\/IMG_Florida-Orange-Spice-Blueberry-Pancake_JPG-edited.jpg\" alt=\"\" class=\"wp-image-5285\" title=\"\" srcset=\"https:\/\/www.floridacitrus.quebec\/oj\/wp-content\/uploads\/sites\/22\/2022\/10\/IMG_Florida-Orange-Spice-Blueberry-Pancake_JPG-edited.jpg 1727w, https:\/\/www.floridacitrus.quebec\/oj\/wp-content\/uploads\/sites\/22\/2022\/10\/IMG_Florida-Orange-Spice-Blueberry-Pancake_JPG-edited-640x400.jpg 640w, https:\/\/www.floridacitrus.quebec\/oj\/wp-content\/uploads\/sites\/22\/2022\/10\/IMG_Florida-Orange-Spice-Blueberry-Pancake_JPG-edited-1024x640.jpg 1024w, https:\/\/www.floridacitrus.quebec\/oj\/wp-content\/uploads\/sites\/22\/2022\/10\/IMG_Florida-Orange-Spice-Blueberry-Pancake_JPG-edited-768x480.jpg 768w, https:\/\/www.floridacitrus.quebec\/oj\/wp-content\/uploads\/sites\/22\/2022\/10\/IMG_Florida-Orange-Spice-Blueberry-Pancake_JPG-edited-1536x961.jpg 1536w, https:\/\/www.floridacitrus.quebec\/oj\/wp-content\/uploads\/sites\/22\/2022\/10\/IMG_Florida-Orange-Spice-Blueberry-Pancake_JPG-edited-400x250.jpg 400w\" sizes=\"(max-width: 1727px) 100vw, 1727px\" \/><\/a><figcaption class=\"wp-element-caption\"> <a href=\"https:\/\/www.floridacitrus.quebec\/oj\/recipes\/crepes-aux-bleuets-et-au-jus-dorange-de-la-floride\/\" target=\"_blank\" rel=\"noreferrer noopener\">Cr\u00eapes aux bleuets et au jus d\u2019orange de la Floride<\/a><\/figcaption><\/figure>\n<\/div>\n\n\n\n<div class=\"wp-block-column is-layout-flow wp-block-column-is-layout-flow\">\n<p>D\u00e9licieuse combinaison de saveurs naturellement sucr\u00e9es et acidul\u00e9es, cette recette fournit une excellente source <a href=\"https:\/\/www.floridacitrus.quebec\/oj\/health-nutrition\/informations-nutritionnelles-du-jus-dorange-de-la-floride\/la-vitamine-c\/\" target=\"_blank\" rel=\"noreferrer noopener\" title=\"La vitamine C et le jus d\u2019orange de la Floride\">de vitamine C<\/a> et une bonne source de fibres, <a href=\"https:\/\/www.floridacitrus.quebec\/oj\/health-nutrition\/informations-nutritionnelles-du-jus-dorange-de-la-floride\/calcium-et-la-vitamine-d\/\" target=\"_blank\" rel=\"noreferrer noopener\" title=\"Le calcium et la vitamine D dans le jus d\u2019orange de la Floride\">de calcium<\/a> et de fer.<\/p>\n<\/div>\n<\/div>\n\n\n\n<h2 class=\"wp-block-heading\"><a href=\"https:\/\/www.floridacitrus.ca\/oj\/recipes\/orangeberry-smoothie\/\" target=\"_blank\" rel=\"noreferrer noopener\">Smoothie orange et baies<\/a><\/h2>\n\n\n\n<div class=\"wp-block-columns is-layout-flex wp-container-core-columns-is-layout-28f84493 wp-block-columns-is-layout-flex\">\n<div class=\"wp-block-column is-layout-flow wp-block-column-is-layout-flow\">\n<figure class=\"wp-block-image size-large\"><img loading=\"lazy\" decoding=\"async\" width=\"1024\" height=\"768\" src=\"https:\/\/www.floridacitrus.quebec\/oj\/wp-content\/uploads\/sites\/22\/2022\/10\/Orangeberry-Smoothie-e1659993953118-1024x768.jpg\" alt=\"\" class=\"wp-image-5287\" title=\"\" srcset=\"https:\/\/www.floridacitrus.quebec\/oj\/wp-content\/uploads\/sites\/22\/2022\/10\/Orangeberry-Smoothie-e1659993953118-1024x768.jpg 1024w, https:\/\/www.floridacitrus.quebec\/oj\/wp-content\/uploads\/sites\/22\/2022\/10\/Orangeberry-Smoothie-e1659993953118-640x480.jpg 640w, https:\/\/www.floridacitrus.quebec\/oj\/wp-content\/uploads\/sites\/22\/2022\/10\/Orangeberry-Smoothie-e1659993953118-768x576.jpg 768w, https:\/\/www.floridacitrus.quebec\/oj\/wp-content\/uploads\/sites\/22\/2022\/10\/Orangeberry-Smoothie-e1659993953118-400x300.jpg 400w, https:\/\/www.floridacitrus.quebec\/oj\/wp-content\/uploads\/sites\/22\/2022\/10\/Orangeberry-Smoothie-e1659993953118.jpg 1200w\" sizes=\"(max-width: 1024px) 100vw, 1024px\" \/><figcaption class=\"wp-element-caption\"><a href=\"https:\/\/www.floridacitrus.ca\/oj\/recipes\/orangeberry-smoothie\/\" target=\"_blank\" rel=\"noreferrer noopener\">Smoothie orange et baies<\/a><\/figcaption><\/figure>\n<\/div>\n\n\n\n<div class=\"wp-block-column is-layout-flow wp-block-column-is-layout-flow\">\n<p>Ce smoothie <a href=\"https:\/\/www.floridacitrus.quebec\/oj\/recipes\/smoothie-orange-et-baies\/\" target=\"_blank\" rel=\"noreferrer noopener\" title=\"Smoothie orange et baies\">\u00e0 l&rsquo;orange et aux baies <\/a>constitue une douce g\u00e2terie pour les familles qui ont travaill\u00e9 dur toute la semaine.<\/p>\n\n\n\n<p>Fait avec du jus d&rsquo;orange de la Floride, il accompagnera votre brunch \u00e0 merveille, \u00e0 moins que vous ne d\u00e9cidiez de le garder comme g\u00e2terie pour la fin du repas.<\/p>\n<\/div>\n<\/div>\n\n\n\n<h2 class=\"wp-block-heading\"><a href=\"https:\/\/www.floridacitrus.quebec\/oj\/recipes\/parfait-au-yogourt-grec-avec-granola-a-lorange-fait-maison-2\/\" target=\"_blank\" rel=\"noreferrer noopener\" title=\"Parfait au yogourt grec avec granola \u00e0 l\u2019orange fait maison\">Parfaits au yogourt grec avec granola maison \u00e0 l&rsquo;orange<\/a><\/h2>\n\n\n\n<div class=\"wp-block-columns is-layout-flex wp-container-core-columns-is-layout-28f84493 wp-block-columns-is-layout-flex\">\n<div class=\"wp-block-column is-layout-flow wp-block-column-is-layout-flow\">\n<figure class=\"wp-block-image size-large\"><a href=\"https:\/\/www.floridacitrus.quebec\/oj\/recipes\/parfait-au-yogourt-grec-avec-granola-a-lorange-fait-maison-2\/\"><img loading=\"lazy\" decoding=\"async\" width=\"1024\" height=\"768\" src=\"https:\/\/www.floridacitrus.quebec\/oj\/wp-content\/uploads\/sites\/22\/2022\/10\/OJ-Parfait-edited-1024x768-1.png\" alt=\"\" class=\"wp-image-5290\" title=\"\" srcset=\"https:\/\/www.floridacitrus.quebec\/oj\/wp-content\/uploads\/sites\/22\/2022\/10\/OJ-Parfait-edited-1024x768-1.png 1024w, https:\/\/www.floridacitrus.quebec\/oj\/wp-content\/uploads\/sites\/22\/2022\/10\/OJ-Parfait-edited-1024x768-1-640x480.png 640w, https:\/\/www.floridacitrus.quebec\/oj\/wp-content\/uploads\/sites\/22\/2022\/10\/OJ-Parfait-edited-1024x768-1-768x576.png 768w, https:\/\/www.floridacitrus.quebec\/oj\/wp-content\/uploads\/sites\/22\/2022\/10\/OJ-Parfait-edited-1024x768-1-400x300.png 400w\" sizes=\"(max-width: 1024px) 100vw, 1024px\" \/><\/a><figcaption class=\"wp-element-caption\"><a href=\"https:\/\/www.floridacitrus.quebec\/oj\/recipes\/parfait-au-yogourt-grec-avec-granola-a-lorange-fait-maison-2\/\" target=\"_blank\" rel=\"noreferrer noopener\" title=\"Parfait au yogourt grec avec granola \u00e0 l\u2019orange fait maison\">Parfaits au yogourt grec avec granola maison \u00e0 l&rsquo;orange<\/a><\/figcaption><\/figure>\n<\/div>\n\n\n\n<div class=\"wp-block-column is-layout-flow wp-block-column-is-layout-flow\">\n<p>Vous cherchez une id\u00e9e sal\u00e9e pour le d\u00e9jeuner\u2009? Ce m\u00e9lange nutritif au jus d&rsquo;orange est rempli de nutriments et peut \u00eatre servi hach\u00e9, en pur\u00e9e ou m\u00e9lang\u00e9.<\/p>\n<\/div>\n<\/div>\n\n\n\n<h2 class=\"wp-block-heading\"><a href=\"https:\/\/www.floridacitrus.ca\/oj\/recipes\/mini-orange-chocolate-chip-banana-muffins-2\/\" target=\"_blank\" rel=\"noreferrer noopener\">Muffins \u00e0 la banane aux p\u00e9pites de chocolat et \u00e0 l&rsquo;orange<\/a><\/h2>\n\n\n\n<div class=\"wp-block-columns is-layout-flex wp-container-core-columns-is-layout-28f84493 wp-block-columns-is-layout-flex\">\n<div class=\"wp-block-column is-layout-flow wp-block-column-is-layout-flow\">\n<figure class=\"wp-block-image size-large\"><a href=\"https:\/\/www.floridacitrus.quebec\/oj\/recipes\/mini-muffins-a-la-banane-aux-pepites-de-chocolat-et-a-lorange\/\"><img loading=\"lazy\" decoding=\"async\" width=\"1024\" height=\"792\" src=\"https:\/\/www.floridacitrus.quebec\/oj\/wp-content\/uploads\/sites\/22\/2022\/10\/MiniMuffins-1024x792.jpg\" alt=\"\" class=\"wp-image-5297\" title=\"\" srcset=\"https:\/\/www.floridacitrus.quebec\/oj\/wp-content\/uploads\/sites\/22\/2022\/10\/MiniMuffins-1024x792.jpg 1024w, https:\/\/www.floridacitrus.quebec\/oj\/wp-content\/uploads\/sites\/22\/2022\/10\/MiniMuffins-640x495.jpg 640w, https:\/\/www.floridacitrus.quebec\/oj\/wp-content\/uploads\/sites\/22\/2022\/10\/MiniMuffins-768x594.jpg 768w, https:\/\/www.floridacitrus.quebec\/oj\/wp-content\/uploads\/sites\/22\/2022\/10\/MiniMuffins-400x309.jpg 400w, https:\/\/www.floridacitrus.quebec\/oj\/wp-content\/uploads\/sites\/22\/2022\/10\/MiniMuffins.jpg 1440w\" sizes=\"(max-width: 1024px) 100vw, 1024px\" \/><\/a><figcaption class=\"wp-element-caption\"><a href=\"https:\/\/www.floridacitrus.quebec\/oj\/recipes\/mini-muffins-a-la-banane-aux-pepites-de-chocolat-et-a-lorange\/\" target=\"_blank\" rel=\"noreferrer noopener\" title=\"Mini muffins \u00e0 la banane, aux p\u00e9pites de chocolat et \u00e0 l\u2019orange\">Muffins \u00e0 la banane aux p\u00e9pites de chocolat et \u00e0 l&rsquo;orange<\/a><\/figcaption><\/figure>\n<\/div>\n\n\n\n<div class=\"wp-block-column is-layout-flow wp-block-column-is-layout-flow\">\n<p>Ces <a href=\"https:\/\/www.floridacitrus.quebec\/oj\/recipes\/mini-muffins-a-la-banane-aux-pepites-de-chocolat-et-a-lorange\/\" target=\"_blank\" rel=\"noreferrer noopener\" title=\"Mini muffins \u00e0 la banane, aux p\u00e9pites de chocolat et \u00e0 l\u2019orange\">mini-muffins \u00e0 la banane aux p\u00e9pites de chocolat et \u00e0 l&rsquo;orange<\/a> \u00e9pateront vos convives \u00e0 l\u2019heure du brunch, et les restes conviennent parfaitement au d\u00e9jeuner ou \u00e0 la collation du lendemain.<\/p>\n<\/div>\n<\/div>\n\n\n\n<h2 class=\"wp-block-heading\"><a href=\"https:\/\/www.floridacitrus.quebec\/oj\/recipes\/limonade-aux-agrumes-de-la-floride-et-au-melon-deau\/\" target=\"_blank\" rel=\"noreferrer noopener\" title=\"Limonade aux agrumes de la Floride et au melon d\u2019eau\">Limonade agrumes et melon d&rsquo;eau<\/a><\/h2>\n\n\n\n<div class=\"wp-block-columns is-layout-flex wp-container-core-columns-is-layout-28f84493 wp-block-columns-is-layout-flex\">\n<div class=\"wp-block-column is-layout-flow wp-block-column-is-layout-flow\">\n<figure class=\"wp-block-image size-large\"><a href=\"https:\/\/www.floridacitrus.quebec\/oj\/recipes\/limonade-aux-agrumes-de-la-floride-et-au-melon-deau\/\"><img loading=\"lazy\" decoding=\"async\" width=\"1024\" height=\"683\" src=\"https:\/\/www.floridacitrus.quebec\/oj\/wp-content\/uploads\/sites\/22\/2022\/10\/Florida_Citrus_Watermelon_Lemonade-8-2048x1365-1-1024x683.jpg\" alt=\"\" class=\"wp-image-5300\" title=\"\" srcset=\"https:\/\/www.floridacitrus.quebec\/oj\/wp-content\/uploads\/sites\/22\/2022\/10\/Florida_Citrus_Watermelon_Lemonade-8-2048x1365-1-1024x683.jpg 1024w, https:\/\/www.floridacitrus.quebec\/oj\/wp-content\/uploads\/sites\/22\/2022\/10\/Florida_Citrus_Watermelon_Lemonade-8-2048x1365-1-640x427.jpg 640w, https:\/\/www.floridacitrus.quebec\/oj\/wp-content\/uploads\/sites\/22\/2022\/10\/Florida_Citrus_Watermelon_Lemonade-8-2048x1365-1-768x512.jpg 768w, https:\/\/www.floridacitrus.quebec\/oj\/wp-content\/uploads\/sites\/22\/2022\/10\/Florida_Citrus_Watermelon_Lemonade-8-2048x1365-1-1536x1024.jpg 1536w, https:\/\/www.floridacitrus.quebec\/oj\/wp-content\/uploads\/sites\/22\/2022\/10\/Florida_Citrus_Watermelon_Lemonade-8-2048x1365-1-400x267.jpg 400w, https:\/\/www.floridacitrus.quebec\/oj\/wp-content\/uploads\/sites\/22\/2022\/10\/Florida_Citrus_Watermelon_Lemonade-8-2048x1365-1-250x167.jpg 250w, https:\/\/www.floridacitrus.quebec\/oj\/wp-content\/uploads\/sites\/22\/2022\/10\/Florida_Citrus_Watermelon_Lemonade-8-2048x1365-1-700x467.jpg 700w, https:\/\/www.floridacitrus.quebec\/oj\/wp-content\/uploads\/sites\/22\/2022\/10\/Florida_Citrus_Watermelon_Lemonade-8-2048x1365-1.jpg 2048w\" sizes=\"(max-width: 1024px) 100vw, 1024px\" \/><\/a><figcaption class=\"wp-element-caption\"><a href=\"https:\/\/www.floridacitrus.quebec\/oj\/recipes\/limonade-aux-agrumes-de-la-floride-et-au-melon-deau\/\" target=\"_blank\" rel=\"noreferrer noopener\">Limonade agrumes et melon d&rsquo;eau<\/a><\/figcaption><\/figure>\n<\/div>\n\n\n\n<div class=\"wp-block-column is-layout-flow wp-block-column-is-layout-flow\">\n<p>Ce mocktail marie les d\u00e9licieux parfums du pamplemousse, de l\u2019orange et du melon d&rsquo;eau, et son go\u00fbt fruit\u00e9 viendra agr\u00e9menter votre brunch de belle fa\u00e7on.<\/p>\n<\/div>\n<\/div>\n\n\n\n<h2 class=\"has-text-align-center wp-block-heading\"><a href=\"https:\/\/www.floridacitrus.quebec\/oj\/recettes-2\/\" target=\"_blank\" rel=\"noreferrer noopener\">Cliquez ici pour parcourir nos pages de recettes et d\u00e9couvrir d&rsquo;autres fa\u00e7ons d&rsquo;utiliser le jus d&rsquo;orange \u00e0 100&nbsp;% de la Floride.<\/a><\/h2>\n","protected":false},"excerpt":{"rendered":"<p>Profitez du brunch du week-end avec le breuvage original pour le mieux-\u00eatre Le brunch pourrait bien \u00eatre le repas pr\u00e9f\u00e9r\u00e9 des Canadiens. Il unit les menus du d\u00e9jeuner et du d\u00eener, et on le passe habituellement assis confortablement autour d\u2019une table, entour\u00e9 d\u2019amis et de proches pour rattraper le temps perdu. Que vous soyez \u00e0&#8230;<\/p>\n","protected":false},"author":47,"featured_media":5967,"template":"","meta":{"_acf_changed":false,"om_disable_all_campaigns":false,"footnotes":""},"fdoc-citrus-type":[],"fdoc-health-category":[],"fdoc-news-item-category":[],"class_list":["post-5267","fdoc-news-item","type-fdoc-news-item","status-publish","has-post-thumbnail","hentry"],"acf":[],"_links":{"self":[{"href":"https:\/\/www.floridacitrus.quebec\/oj\/wp-json\/wp\/v2\/fdoc-news-item\/5267","targetHints":{"allow":["GET"]}}],"collection":[{"href":"https:\/\/www.floridacitrus.quebec\/oj\/wp-json\/wp\/v2\/fdoc-news-item"}],"about":[{"href":"https:\/\/www.floridacitrus.quebec\/oj\/wp-json\/wp\/v2\/types\/fdoc-news-item"}],"author":[{"embeddable":true,"href":"https:\/\/www.floridacitrus.quebec\/oj\/wp-json\/wp\/v2\/users\/47"}],"version-history":[{"count":4,"href":"https:\/\/www.floridacitrus.quebec\/oj\/wp-json\/wp\/v2\/fdoc-news-item\/5267\/revisions"}],"predecessor-version":[{"id":5969,"href":"https:\/\/www.floridacitrus.quebec\/oj\/wp-json\/wp\/v2\/fdoc-news-item\/5267\/revisions\/5969"}],"wp:featuredmedia":[{"embeddable":true,"href":"https:\/\/www.floridacitrus.quebec\/oj\/wp-json\/wp\/v2\/media\/5967"}],"wp:attachment":[{"href":"https:\/\/www.floridacitrus.quebec\/oj\/wp-json\/wp\/v2\/media?parent=5267"}],"wp:term":[{"taxonomy":"fdoc-citrus-type","embeddable":true,"href":"https:\/\/www.floridacitrus.quebec\/oj\/wp-json\/wp\/v2\/fdoc-citrus-type?post=5267"},{"taxonomy":"fdoc-health-category","embeddable":true,"href":"https:\/\/www.floridacitrus.quebec\/oj\/wp-json\/wp\/v2\/fdoc-health-category?post=5267"},{"taxonomy":"fdoc-news-item-category","embeddable":true,"href":"https:\/\/www.floridacitrus.quebec\/oj\/wp-json\/wp\/v2\/fdoc-news-item-category?post=5267"}],"curies":[{"name":"wp","href":"https:\/\/api.w.org\/{rel}","templated":true}]}}